{"id":2022,"date":"2014-03-10T11:22:48","date_gmt":"2014-03-10T10:22:48","guid":{"rendered":"http:\/\/alfasail.de\/wordpress\/?p=2022"},"modified":"2014-08-19T15:12:20","modified_gmt":"2014-08-19T13:12:20","slug":"meilentoern-im-mittelmeer-korinth-2","status":"publish","type":"post","link":"https:\/\/alfasail.de\/wordpress\/archive\/2022","title":{"rendered":"Meilent\u00f6rn im Mittelmeer 2014 <br><span style=\"font-size: medium;\">Athen &#8211; Korinth<\/span><\/br>"},"content":{"rendered":"<table style=\"border: 0px solid #000000; width: 520px; height: 80px;\" border=\"0\" frame=\"box\">\n<tbody>\n<tr>\n<td>Datum:<\/td>\n<td>10.03.2014<\/td>\n<td>Track:<\/td>\n<\/tr>\n<tr>\n<td>Ziel:<\/td>\n<td>Korinth<\/td>\n<td style=\"text-align: center;\" rowspan=\"7\" align=\"center\" valign=\"top\"><a href=\"https:\/\/alfasail.de\/wordpress\/archive\/2031\/toern_ges1\" rel=\"attachment wp-att-2106\"><img loading=\"lazy\" decoding=\"async\" class=\"alignnone size-medium wp-image-2106\" src=\"https:\/\/alfasail.de\/wordpress\/wp-content\/uploads\/2014\/03\/T\u00f6rn_ges1-300x168.png\" alt=\"T\u00f6rn_ges1\" width=\"230\" height=\"129\" \/><\/a><a href=\"https:\/\/alfasail.de\/wordpress\/archive\/2022\/step3_deteil\" rel=\"attachment wp-att-2130\"><img loading=\"lazy\" decoding=\"async\" class=\"alignnone size-medium wp-image-2130\" src=\"https:\/\/alfasail.de\/wordpress\/wp-content\/uploads\/2014\/03\/Step3_deteil-300x193.jpg\" alt=\"Step3_deteil\" width=\"230\" height=\"148\" srcset=\"https:\/\/alfasail.de\/wordpress\/wp-content\/uploads\/2014\/03\/Step3_deteil-300x193.jpg 300w, https:\/\/alfasail.de\/wordpress\/wp-content\/uploads\/2014\/03\/Step3_deteil-1024x659.jpg 1024w, https:\/\/alfasail.de\/wordpress\/wp-content\/uploads\/2014\/03\/Step3_deteil-700x451.jpg 700w, https:\/\/alfasail.de\/wordpress\/wp-content\/uploads\/2014\/03\/Step3_deteil.jpg 1476w\" sizes=\"auto, (max-width: 230px) 100vw, 230px\" \/><\/a><\/td>\n<\/tr>\n<tr>\n<td>Route:<\/td>\n<td>Athen &#8211; Korinth<\/td>\n<\/tr>\n<tr>\n<td>Kurs \/Distance:<\/td>\n<td>xxx\u00b0 \/\u00a0\u00a041 sm<\/td>\n<\/tr>\n<tr>\n<td>Luft \/Wasser:<\/td>\n<td>13\u00a0\u00b0C.\/ 14\u00b0C<\/td>\n<\/tr>\n<tr>\n<td>Wind \/Wellen:<\/td>\n<td>4-6\u00a0Bft \/ N \/\u00a02-3 m<\/td>\n<\/tr>\n<tr>\n<td>Druck \/Wolken:<\/td>\n<td>1030\u00a0hpa \/80%<\/td>\n<\/tr>\n<tr>\n<td>Niederschlag:<\/td>\n<td>xxxx<\/td>\n<\/tr>\n<tr>\n<td colspan=\"3\"><\/td>\n<\/tr>\n<\/tbody>\n<\/table>\n<p><span style=\"font-size: medium;\"><span style=\"color: #000000;\"><span style=\"font-family: Times New Roman;\"><strong>G<\/strong>eht das schon wieder los? So waren unsere Gedanken beim Blick auf die Wetterdaten. <\/span><\/span><\/span><span style=\"font-size: medium;\"><span style=\"color: #000000;\"><span style=\"font-family: Times New Roman;\">Der\u00a0 Plan f\u00fcr heute gem\u00fctlich Fr\u00fchst\u00fccken, dann ausklarieren und den Kanal von Korinth durchfahren. Dieser letzte Punkt ist in sofern wichtig, da die Durchfahrt durch den Kanal dienstags, auf Grund von Wartungsarbeiten nicht m\u00f6glich ist. <\/span><\/span><\/span><span style=\"font-size: medium;\"><span style=\"color: #000000;\"><span style=\"font-family: Times New Roman;\">Erster Punkt, Fr\u00fchst\u00fcck war wie immer auf der AHAB einfach grandios. Die Hasen haben wie immer ein super Fr\u00fchst\u00fcck gebastelt. <\/span><\/span><\/span><span style=\"font-size: medium;\"><span style=\"color: #000000;\"><span style=\"font-family: Times New Roman;\">N\u00e4chster Punkt Beh\u00f6rdeng\u00e4nge. Um es vorweg zu nehmen, die Beamten hier lieben ihre Stempel. 21 St\u00fcck auf einer Unzahl von Dokumenten sind n\u00f6tig um hier auf dem Seeweg anzukommen und wieder das Land verlassen zu d\u00fcrfen. Gleichm\u00e4\u00dfig verteilt auf die unterschiedlichsten \u00c4mter. Die man nat\u00fcrlich auch erst mal finden muss. <\/span><\/span><\/span><span style=\"font-size: medium;\"><span style=\"color: #000000;\"><span style=\"font-family: Times New Roman;\">Nun war alles komplett und 15:00 Uhr legten wir dann endlich ab. Mit ordentlich Wind geht es in Richtung des Kanals von Korinth. Diesmal kam die Welle aber nicht von hinten sondern aus raumschots., was das Schiff ordentlich geigen lies. Nach dem wir uns \u00fcber Funk angemeldet hatten kamen wir gegen\u00a0 22:00 Uhr an der Abfertigungsstelle f\u00fcr die Kanaleinfahrt an. Hier muss man zu n\u00e4chst anlegen um sich zu registrieren und\u00a0 die Kanalgeb\u00fchr entrichten. 340 \u20ac ist der Spa\u00df Wert, ein wirklich stolzer Preis f\u00fcr sechs Kilometer.<\/span><\/span><\/span><\/p>\n<p><a href=\"https:\/\/alfasail.de\/wordpress\/archive\/2022\/img_4337\" rel=\"attachment wp-att-2207\"><img decoding=\"async\" class=\"alignnone size-medium wp-image-2207\" src=\"https:\/\/alfasail.de\/wordpress\/wp-content\/uploads\/2014\/03\/IMG_4337-300x200.jpg\" alt=\"IMG_4337\" width=\"520\" height=\"NaN\" srcset=\"https:\/\/alfasail.de\/wordpress\/wp-content\/uploads\/2014\/03\/IMG_4337-300x200.jpg 300w, https:\/\/alfasail.de\/wordpress\/wp-content\/uploads\/2014\/03\/IMG_4337-700x466.jpg 700w, https:\/\/alfasail.de\/wordpress\/wp-content\/uploads\/2014\/03\/IMG_4337.jpg 1024w\" sizes=\"(max-width: 300px) 100vw, 300px\" \/><\/a><\/p>\n<p><span style=\"font-size: medium;\"><span style=\"color: #000000;\"><span style=\"font-family: Times New Roman;\">Nach dem Verlassen des Kanal steuerten wir den Hafen von Korinth an wo wir dann anlegten und die Nacht verbrachten.<\/span><\/span><\/span><\/p>\n","protected":false},"excerpt":{"rendered":"<p>Datum: 10.03.2014 Track: Ziel: Korinth Route: Athen &#8211; Korinth Kurs \/Distance: xxx\u00b0 \/\u00a0\u00a041 sm Luft \/Wasser: 13\u00a0\u00b0C.\/ 14\u00b0C Wind \/Wellen: 4-6\u00a0Bft \/ N \/\u00a02-3 m Druck \/Wolken: 1030\u00a0hpa \/80% Niederschlag: xxxx Geht das schon wieder los? So waren unsere Gedanken beim Blick auf die Wetterdaten. Der\u00a0 Plan f\u00fcr heute gem\u00fctlich Fr\u00fchst\u00fccken, dann ausklarieren und den Kanal von Korinth durchfahren. Dieser letzte Punkt ist in sofern wichtig, da die Durchfahrt durch den Kanal dienstags, auf Grund [&hellip;]<\/p>\n","protected":false},"author":2,"featured_media":0,"comment_status":"closed","ping_status":"closed","sticky":false,"template":"","format":"standard","meta":{"ngg_post_thumbnail":0,"footnotes":""},"categories":[154,100,112,5,41],"tags":[187,184,159,161,156,160,179],"class_list":["post-2022","post","type-post","status-publish","format-standard","hentry","category-aegaeis","category-griechenland","category-mittelmeer-seegebiet","category-sailing","category-sy-ahab","tag-aegaeis","tag-griechenland","tag-korinth","tag-messina","tag-mittelmeer-2","tag-patras","tag-sy-ahab"],"_links":{"self":[{"href":"https:\/\/alfasail.de\/wordpress\/wp-json\/wp\/v2\/posts\/2022","targetHints":{"allow":["GET"]}}],"collection":[{"href":"https:\/\/alfasail.de\/wordpress\/wp-json\/wp\/v2\/posts"}],"about":[{"href":"https:\/\/alfasail.de\/wordpress\/wp-json\/wp\/v2\/types\/post"}],"author":[{"embeddable":true,"href":"https:\/\/alfasail.de\/wordpress\/wp-json\/wp\/v2\/users\/2"}],"replies":[{"embeddable":true,"href":"https:\/\/alfasail.de\/wordpress\/wp-json\/wp\/v2\/comments?post=2022"}],"version-history":[{"count":0,"href":"https:\/\/alfasail.de\/wordpress\/wp-json\/wp\/v2\/posts\/2022\/revisions"}],"wp:attachment":[{"href":"https:\/\/alfasail.de\/wordpress\/wp-json\/wp\/v2\/media?parent=2022"}],"wp:term":[{"taxonomy":"category","embeddable":true,"href":"https:\/\/alfasail.de\/wordpress\/wp-json\/wp\/v2\/categories?post=2022"},{"taxonomy":"post_tag","embeddable":true,"href":"https:\/\/alfasail.de\/wordpress\/wp-json\/wp\/v2\/tags?post=2022"}],"curies":[{"name":"wp","href":"https:\/\/api.w.org\/{rel}","templated":true}]}}