{"id":2148,"date":"2014-03-16T15:22:56","date_gmt":"2014-03-16T14:22:56","guid":{"rendered":"http:\/\/alfasail.de\/wordpress\/?p=2148"},"modified":"2014-11-23T19:12:34","modified_gmt":"2014-11-23T18:12:34","slug":"2148","status":"publish","type":"post","link":"https:\/\/alfasail.de\/wordpress\/archive\/2148","title":{"rendered":"Meilent\u00f6rn im Mittelmeer 2014 <br><span style=\"font-size: medium;\">Was will man sagen&#8230;&#8230;<\/span><\/br>"},"content":{"rendered":"<table style=\"border: 0px solid #000000; width: 500px; height: 80px;\" border=\"0\" frame=\"box\">\n<tbody>\n<tr>\n<td style=\"width: 120px;\">Datum:<\/td>\n<td>06.-15.03.2014<\/td>\n<\/tr>\n<tr>\n<td style=\"width: 120px;\">Ziel:<\/td>\n<td>Meilen T\u00f6rn durchs Mittelmeer<\/td>\n<\/tr>\n<tr>\n<td style=\"width: 120px;\">Route:<\/td>\n<td style=\"text-align: left;\">Istanbul &gt; Canakkale &gt; Athen &gt; Kanal von Korinth &gt; Golf von Korinth &gt; Patras &gt; Ionisches Meer &gt; Strasse von Messina &gt; Palermo<\/td>\n<\/tr>\n<tr>\n<td style=\"width: 120px;\">Distance:<\/td>\n<td>1077 sm<\/td>\n<\/tr>\n<tr>\n<td style=\"width: 120px;\">Yacht \/ Crew:<\/td>\n<td><strong>SY-AHAB<\/strong> \/ Steffen, Diana, Fanny, Manuel und Peter<\/td>\n<\/tr>\n<tr>\n<td style=\"width: 120px;\">Track:<\/td>\n<td><a href=\"https:\/\/alfasail.de\/wordpress\/archive\/2148\/toern_ges1\" rel=\"attachment wp-att-2187\"><img loading=\"lazy\" decoding=\"async\" class=\"alignnone size-medium wp-image-2187\" src=\"https:\/\/alfasail.de\/wordpress\/wp-content\/uploads\/2014\/03\/T\u00f6rn_ges1-300x168.png\" alt=\"T\u00f6rn_ges1\" width=\"300\" height=\"168\" srcset=\"https:\/\/alfasail.de\/wordpress\/wp-content\/uploads\/2014\/03\/T\u00f6rn_ges1-300x168.png 300w, https:\/\/alfasail.de\/wordpress\/wp-content\/uploads\/2014\/03\/T\u00f6rn_ges1-1024x576.png 1024w, https:\/\/alfasail.de\/wordpress\/wp-content\/uploads\/2014\/03\/T\u00f6rn_ges1-700x393.png 700w, https:\/\/alfasail.de\/wordpress\/wp-content\/uploads\/2014\/03\/T\u00f6rn_ges1.png 1200w\" sizes=\"auto, (max-width: 300px) 100vw, 300px\" \/><\/a><\/td>\n<\/tr>\n<tr>\n<td style=\"width: 120px;\">Gallery:<\/td>\n<td><span style=\"color: #0000ff;\"><a style=\"color: #0000ff;\" title=\"2014-1 Meilen T\u00f6rn im Mittelmeer\" href=\"https:\/\/alfasail.de\/wordpress\/tornubersicht\/2014-1-meilen-toern-im-mittelmeer\">2014-1 Meilen T\u00f6rn im Mittelmeer<\/a><\/span><\/td>\n<\/tr>\n<\/tbody>\n<\/table>\n<p><strong>N<\/strong>un ist sie auch schon vorbei, unsere Reise durchs Mittelmeer. Ein T\u00f6rn den man erlebt haben muss. Es war f\u00fcr alle ein super Erlebnis und ich m\u00f6chte mich bei allen die mit dabei waren bedanken, bei Fanny und Diana, bei Manuel und nat\u00fcrlich bei unserem Skipper Steffen,um es mit seinen Worten zu sagen es war &#8222;grandios&#8220;.Ich glaube viel mehr muss man nicht sagen. Wir haben viel erlebt und nat\u00fcrlich auch viel gesehen, auch wenn wir die Sehensw\u00fcrdigkeiten oft nur im Dunkeln zu sehen bekamen. Aber\u00a0das seglerischen Erlebnis war unschlagbar und der Spa\u00df an Bord der AHAB kam mit Sicherheit nicht zu kurz.Auch wenn der Ablauf des T\u00f6rns nichts mehr\u00a0mit den was Christine und Steffen mal geplant und aufgeschrieben hatten zu tun hatte, haben wir das beste draus gemacht und alle sind p\u00fcnktlich, sicher,\u00a0gesund und mit vielen sch\u00f6nen Erlebnissen im Gep\u00e4ck in Palermo angekommen.<\/p>\n<p>Danke noch mal an das\u00a0grandiose TEAM,<\/p>\n<p>Euer\u00a0Peter<\/p>\n","protected":false},"excerpt":{"rendered":"<p>Datum: 06.-15.03.2014 Ziel: Meilen T\u00f6rn durchs Mittelmeer Route: Istanbul &gt; Canakkale &gt; Athen &gt; Kanal von Korinth &gt; Golf von Korinth &gt; Patras &gt; Ionisches Meer &gt; Strasse von Messina &gt; Palermo Distance: 1077 sm Yacht \/ Crew: SY-AHAB \/ Steffen, Diana, Fanny, Manuel und Peter Track: Gallery: 2014-1 Meilen T\u00f6rn im Mittelmeer Nun ist sie auch schon vorbei, unsere Reise durchs Mittelmeer. Ein T\u00f6rn den man erlebt haben muss. Es war f\u00fcr alle ein [&hellip;]<\/p>\n","protected":false},"author":2,"featured_media":0,"comment_status":"closed","ping_status":"open","sticky":false,"template":"","format":"standard","meta":{"ngg_post_thumbnail":0,"footnotes":""},"categories":[154,100,155,153,129,112,5,41],"tags":[],"class_list":["post-2148","post","type-post","status-publish","format-standard","hentry","category-aegaeis","category-griechenland","category-ionisches-meer","category-italien","category-ligurisches-meer","category-mittelmeer-seegebiet","category-sailing","category-sy-ahab"],"_links":{"self":[{"href":"https:\/\/alfasail.de\/wordpress\/wp-json\/wp\/v2\/posts\/2148","targetHints":{"allow":["GET"]}}],"collection":[{"href":"https:\/\/alfasail.de\/wordpress\/wp-json\/wp\/v2\/posts"}],"about":[{"href":"https:\/\/alfasail.de\/wordpress\/wp-json\/wp\/v2\/types\/post"}],"author":[{"embeddable":true,"href":"https:\/\/alfasail.de\/wordpress\/wp-json\/wp\/v2\/users\/2"}],"replies":[{"embeddable":true,"href":"https:\/\/alfasail.de\/wordpress\/wp-json\/wp\/v2\/comments?post=2148"}],"version-history":[{"count":0,"href":"https:\/\/alfasail.de\/wordpress\/wp-json\/wp\/v2\/posts\/2148\/revisions"}],"wp:attachment":[{"href":"https:\/\/alfasail.de\/wordpress\/wp-json\/wp\/v2\/media?parent=2148"}],"wp:term":[{"taxonomy":"category","embeddable":true,"href":"https:\/\/alfasail.de\/wordpress\/wp-json\/wp\/v2\/categories?post=2148"},{"taxonomy":"post_tag","embeddable":true,"href":"https:\/\/alfasail.de\/wordpress\/wp-json\/wp\/v2\/tags?post=2148"}],"curies":[{"name":"wp","href":"https:\/\/api.w.org\/{rel}","templated":true}]}}