{"id":2851,"date":"2014-04-18T20:44:05","date_gmt":"2014-04-18T18:44:05","guid":{"rendered":"http:\/\/alfasail.de\/wordpress\/?p=2851"},"modified":"2014-08-19T13:46:32","modified_gmt":"2014-08-19T11:46:32","slug":"2851","status":"publish","type":"post","link":"https:\/\/alfasail.de\/wordpress\/archive\/2851","title":{"rendered":"zu Ostern um die Balearen &#8211; Anreise"},"content":{"rendered":"<table style=\"border: 0px solid #000000; width: 470px; height: 80px;\" border=\"0\" frame=\"box\">\n<tbody>\n<tr>\n<td>Datum:<\/td>\n<td>18.04.2014<\/td>\n<\/tr>\n<tr>\n<td>Ziel:<\/td>\n<td>Dresden &#8211; Palma de Mallorca &#8211; Alcudia<\/td>\n<\/tr>\n<tr>\n<td>Temperatur:<\/td>\n<td>Dresden 9\u00b0C ;\u00a0Palma 23\u00b0C<\/td>\n<\/tr>\n<tr>\n<td>Druck \/Wolken:<\/td>\n<td>Dresden bew\u00f6lkt ; Palma heiter, sonnig<\/td>\n<\/tr>\n<tr>\n<td>Niederschlag:<\/td>\n<td>Dresden regen ; Palma trocken<\/td>\n<\/tr>\n<tr>\n<td colspan=\"2\"><\/td>\n<\/tr>\n<\/tbody>\n<\/table>\n<p>Nun ist es endlich soweit. Unser lang ersehnter Segelt\u00f6rn zu den Balearen hat begonnen. Nichts wie weg war unsere einheitliche Meinung, bei dem Wetter welches uns bei der Anreise zum Dresdner Flughafen begleitete. Unser Flug f\u00fchrte uns von Dresden \u00fcber M\u00fcnchen nach Palma de Mallorca. Auf dem Flughafen von Palma war dann auch die Crew komplett. Kristin war uns ja\u00a0bereits vorweg geeilt und erwartete Falk, Petra, Matthias, Antje\u00a0Silke und mich.Vom Flughafen ging es dann mit dem\u00a0bestellten\u00a0Gro\u00dfraumtaxi\u00a0quer \u00fcber die Insel in\u00a0die nord-\u00f6stlich gelegene Hafenstad Alcudia. Hier angekommen mussten wir nur noch die AHAB, in der Marina Alcudiamar finden. Nach einem Anruf bei unserem Skipper Steffen war auch das geschafft. Ein\u00a0herzlichen Willkommen\u00a0bereitete uns die Crew des\u00a0vorherigen T\u00f6rns und nat\u00fcrlich die Stamcrew der AHAB, bei einer ersten Runde &#8222;Mischung&#8220; wurde erst mal ausgiebig auf dass lang ersehnte Wiedersehen angesto\u00dfen. Den Abend verbrachten wir dann gemeinsam in einem netten Restaurant im Hafen von Alcudia.<\/p>\n<p>&nbsp;<\/p>\n","protected":false},"excerpt":{"rendered":"<p>Datum: 18.04.2014 Ziel: Dresden &#8211; Palma de Mallorca &#8211; Alcudia Temperatur: Dresden 9\u00b0C ;\u00a0Palma 23\u00b0C Druck \/Wolken: Dresden bew\u00f6lkt ; Palma heiter, sonnig Niederschlag: Dresden regen ; Palma trocken Nun ist es endlich soweit. Unser lang ersehnter Segelt\u00f6rn zu den Balearen hat begonnen. Nichts wie weg war unsere einheitliche Meinung, bei dem Wetter welches uns bei der Anreise zum Dresdner Flughafen begleitete. Unser Flug f\u00fchrte uns von Dresden \u00fcber M\u00fcnchen nach Palma de Mallorca. Auf [&hellip;]<\/p>\n","protected":false},"author":2,"featured_media":0,"comment_status":"closed","ping_status":"open","sticky":false,"template":"","format":"standard","meta":{"ngg_post_thumbnail":0,"footnotes":""},"categories":[127,112,5,95,41],"tags":[],"class_list":["post-2851","post","type-post","status-publish","format-standard","hentry","category-balearisches-meer","category-mittelmeer-seegebiet","category-sailing","category-spanien","category-sy-ahab"],"_links":{"self":[{"href":"https:\/\/alfasail.de\/wordpress\/wp-json\/wp\/v2\/posts\/2851","targetHints":{"allow":["GET"]}}],"collection":[{"href":"https:\/\/alfasail.de\/wordpress\/wp-json\/wp\/v2\/posts"}],"about":[{"href":"https:\/\/alfasail.de\/wordpress\/wp-json\/wp\/v2\/types\/post"}],"author":[{"embeddable":true,"href":"https:\/\/alfasail.de\/wordpress\/wp-json\/wp\/v2\/users\/2"}],"replies":[{"embeddable":true,"href":"https:\/\/alfasail.de\/wordpress\/wp-json\/wp\/v2\/comments?post=2851"}],"version-history":[{"count":0,"href":"https:\/\/alfasail.de\/wordpress\/wp-json\/wp\/v2\/posts\/2851\/revisions"}],"wp:attachment":[{"href":"https:\/\/alfasail.de\/wordpress\/wp-json\/wp\/v2\/media?parent=2851"}],"wp:term":[{"taxonomy":"category","embeddable":true,"href":"https:\/\/alfasail.de\/wordpress\/wp-json\/wp\/v2\/categories?post=2851"},{"taxonomy":"post_tag","embeddable":true,"href":"https:\/\/alfasail.de\/wordpress\/wp-json\/wp\/v2\/tags?post=2851"}],"curies":[{"name":"wp","href":"https:\/\/api.w.org\/{rel}","templated":true}]}}